{"id":131,"date":"2020-01-19T22:05:29","date_gmt":"2020-01-19T20:05:29","guid":{"rendered":"https:\/\/merkityskeskeinen.wordpress.com\/?p=131"},"modified":"2020-01-19T22:05:29","modified_gmt":"2020-01-19T20:05:29","slug":"uusi-julkinen-ihminen-on-uudenlainen-maailmankansalainen","status":"publish","type":"post","link":"https:\/\/merkityskeskeinen.com\/?p=131","title":{"rendered":"Uusi julkinen ihminen on postnormaalin ajan maailmankansalainen"},"content":{"rendered":"\n<p>Merkityskeisen kehitt\u00e4misen instituutti on p\u00e4\u00e4tt\u00e4nyt jakaa <a href=\"https:\/\/www.facebook.com\/hashtag\/uusijulkinenihminen2020?source=feed_text&amp;epa=HASHTAG\">#UusiJulkinenIhminen2020<\/a> palkinnon julkiselle keskustelijalla, joka edustaa ihmiskunnan me-henke\u00e4 ja tarjoaa transformationaalisia l\u00e4hestymiskulmia dynaamisesti ja sosiaalisesti kompleksisiin ongelmiin. Henkil\u00f6n ei tarvitse olla yleisesti tunnettu. Perustellun ehdotuksesi voit tehd\u00e4 esimerkiksi kommentoimalla t\u00e4t\u00e4 kirjoitusta.<\/p>\n\n\n\n<p> Tempauksella Merkityskeskeisen kehitt\u00e4misen instituutti pyrkii edist\u00e4m\u00e4\u00e4n uuden globaalin julkisuuden rakentumista ja t\u00e4t\u00e4 kautta vahvistamaan ilkeiden ongelmien kanssa el\u00e4misen ratkaisujen legitimiteettipohjaa. Uusi julkinen ihminen on visiomme moniarvoisen ja -napaisen maailman kansalaisesta, joka vahvasta henkil\u00f6kohtaisesta arvopohjasta ponnistaen ja itsens\u00e4 alttiiksi asettavan dialogin kautta luo siltoja laajasti inspiroivaan tulevaisuuteen.<\/p>\n","protected":false},"excerpt":{"rendered":"<p>Merkityskeisen kehitt\u00e4misen instituutti on p\u00e4\u00e4tt\u00e4nyt jakaa #UusiJulkinenIhminen2020 palkinnon julkiselle keskustelijalla, joka edustaa ihmiskunnan me-henke\u00e4 ja tarjoaa transformationaalisia l\u00e4hestymiskulmia dynaamisesti ja sosiaalisesti kompleksisiin ongelmiin. Henkil\u00f6n ei tarvitse olla yleisesti tunnettu. Perustellun ehdotuksesi voit tehd\u00e4 esimerkiksi kommentoimalla t\u00e4t\u00e4 kirjoitusta. Tempauksella Merkityskeskeisen kehitt\u00e4misen instituutti pyrkii edist\u00e4m\u00e4\u00e4n uuden globaalin julkisuuden rakentumista ja t\u00e4t\u00e4 kautta vahvistamaan ilkeiden ongelmien kanssa el\u00e4misen&hellip;&nbsp;<a href=\"https:\/\/merkityskeskeinen.com\/?p=131\" class=\"\" rel=\"bookmark\">Read More &raquo;<span class=\"screen-reader-text\">Uusi julkinen ihminen on postnormaalin ajan maailmankansalainen<\/span><\/a><\/p>\n","protected":false},"author":2,"featured_media":0,"comment_status":"open","ping_status":"open","sticky":false,"template":"","format":"standard","meta":{"neve_meta_sidebar":"","neve_meta_container":"","neve_meta_enable_content_width":"","neve_meta_content_width":0,"neve_meta_title_alignment":"","neve_meta_author_avatar":"","neve_post_elements_order":"","neve_meta_disable_header":"","neve_meta_disable_footer":"","neve_meta_disable_title":"","footnotes":""},"categories":[1,3],"tags":[],"class_list":["post-131","post","type-post","status-publish","format-standard","hentry","category-blog","category-yleinen"],"_links":{"self":[{"href":"https:\/\/merkityskeskeinen.com\/index.php?rest_route=\/wp\/v2\/posts\/131","targetHints":{"allow":["GET"]}}],"collection":[{"href":"https:\/\/merkityskeskeinen.com\/index.php?rest_route=\/wp\/v2\/posts"}],"about":[{"href":"https:\/\/merkityskeskeinen.com\/index.php?rest_route=\/wp\/v2\/types\/post"}],"author":[{"embeddable":true,"href":"https:\/\/merkityskeskeinen.com\/index.php?rest_route=\/wp\/v2\/users\/2"}],"replies":[{"embeddable":true,"href":"https:\/\/merkityskeskeinen.com\/index.php?rest_route=%2Fwp%2Fv2%2Fcomments&post=131"}],"version-history":[{"count":0,"href":"https:\/\/merkityskeskeinen.com\/index.php?rest_route=\/wp\/v2\/posts\/131\/revisions"}],"wp:attachment":[{"href":"https:\/\/merkityskeskeinen.com\/index.php?rest_route=%2Fwp%2Fv2%2Fmedia&parent=131"}],"wp:term":[{"taxonomy":"category","embeddable":true,"href":"https:\/\/merkityskeskeinen.com\/index.php?rest_route=%2Fwp%2Fv2%2Fcategories&post=131"},{"taxonomy":"post_tag","embeddable":true,"href":"https:\/\/merkityskeskeinen.com\/index.php?rest_route=%2Fwp%2Fv2%2Ftags&post=131"}],"curies":[{"name":"wp","href":"https:\/\/api.w.org\/{rel}","templated":true}]}}